{"id":270,"date":"2025-11-30T10:16:54","date_gmt":"2025-11-30T09:16:54","guid":{"rendered":"https:\/\/eveiltherapie.com\/?p=270"},"modified":"2025-11-30T10:21:52","modified_gmt":"2025-11-30T09:21:52","slug":"couple-qui-ne-se-comprend-plus","status":"publish","type":"post","link":"https:\/\/eveiltherapie.com\/index.php\/2025\/11\/30\/couple-qui-ne-se-comprend-plus\/","title":{"rendered":"Quand on s&rsquo;aime&#8230;mais qu&rsquo;on n&rsquo;y arrive plus."},"content":{"rendered":"<p><a href=\"tel:0784718020\"><br \/>\n\t\t\t\t\t\t\t\t\tAppeler<br \/>\n\t\t\t\t\t<\/a><br \/>\n\t\t\t\t\t<a href=\"https:\/\/eveiltherapie.com\/index.php\/contacter-therapeute-saint-jean-de-luz-ciboure-bayonne-biaritz\/\"><br \/>\n\t\t\t\t\t\t\t\t\tMe contacter<br \/>\n\t\t\t\t\t<\/a><br \/>\n\t\t\t\t\t\t\t\t\t\t\t\t\t\t\t<img fetchpriority=\"high\" decoding=\"async\" width=\"1601\" height=\"801\" src=\"https:\/\/eveiltherapie.com\/wp-content\/uploads\/2024\/11\/transformation-emotionnelle-header-actualite.png\" alt=\"\" srcset=\"https:\/\/eveiltherapie.com\/wp-content\/uploads\/2024\/11\/transformation-emotionnelle-header-actualite.png 1601w, https:\/\/eveiltherapie.com\/wp-content\/uploads\/2024\/11\/transformation-emotionnelle-header-actualite-300x150.png 300w, https:\/\/eveiltherapie.com\/wp-content\/uploads\/2024\/11\/transformation-emotionnelle-header-actualite-1024x512.png 1024w, https:\/\/eveiltherapie.com\/wp-content\/uploads\/2024\/11\/transformation-emotionnelle-header-actualite-768x384.png 768w, https:\/\/eveiltherapie.com\/wp-content\/uploads\/2024\/11\/transformation-emotionnelle-header-actualite-1536x768.png 1536w\" sizes=\"(max-width: 1601px) 100vw, 1601px\" \/>\t\t\t\t\t\t\t\t\t\t\t\t\t\t\t<\/p>\n<h5>Sophie et S\u00e9bastien : l&rsquo;envie de sauver leur couple..<\/h5>\n<h2>Quand l&rsquo;amour existe, mais que les mots ne passent plus.<\/h2>\n<p>ls sont arriv\u00e9s sans un mot, fatigu\u00e9s de se disputer, fatigu\u00e9s de ne plus se comprendre.<br \/>Derri\u00e8re leurs cris, il y a surtout \u00a0leurs peurs :<br \/>la peur de ne plus compter,<br \/>la peur de ne plus \u00eatre aim\u00e9,<br \/>la peur d\u2019\u00eatre abandonn\u00e9.<\/p>\n<p>Alors je leur ai propos\u00e9 un espace sans jugement, un espace pour d\u00e9poser ce qu\u2019ils n\u2019arrivaient plus \u00e0 dire.<br \/>Dans leurs cr\u00e9ations, j\u2019ai vu deux c\u0153urs qui cherchaient juste \u00e0 \u00eatre entendus.<\/p>\n<p>Et petit \u00e0 petit, ils ont compris qu\u2019ils ne se combattaient pas\u2026<br \/>ils se prot\u00e9geaient.<\/p>\n<p>C\u2019est l\u00e0 que le travail a commenc\u00e9 :<br \/>apaiser, d\u00e9samorcer, r\u00e9apprendre \u00e0 se parler\u2026<br \/>et retrouver le chemin l\u2019un vers l\u2019autre.<\/p>\n<p>Vous souhaitez prendre un rendez-vous, me faire part de vos interrogations ? Contactez-moi par t\u00e9l\u00e9phone, par e-mail ou via le <strong><a href=\"https:\/\/eveiltherapie.com\/index.php\/contacter-therapeute-saint-jean-de-luz-ciboure-bayonne-biaritz#formulaire-contact-therapeute\" data-wplink-url-error=\"true\">formulaire de contact<\/a><\/strong>.<\/p>\n<h5>Suivez mon actualit\u00e9<\/h5>\n<h3>Pour rester inform\u00e9<\/h3>\n<p>\t\t\t<a href=\"https:\/\/www.instagram.com\/art_therapie64\/\" target=\"_blank\"><br \/>\n\t\t\t<svg aria-hidden=\"true\" viewBox=\"0 0 448 512\" xmlns=\"http:\/\/www.w3.org\/2000\/svg\"><path d=\"M416 32H31.9C14.3 32 0 46.5 0 64.3v383.4C0 465.5 14.3 480 31.9 480H416c17.6 0 32-14.5 32-32.3V64.3c0-17.8-14.4-32.3-32-32.3zM135.4 416H69V202.2h66.5V416zm-33.2-243c-21.3 0-38.5-17.3-38.5-38.5S80.9 96 102.2 96c21.2 0 38.5 17.3 38.5 38.5 0 21.3-17.2 38.5-38.5 38.5zm282.1 243h-66.4V312c0-24.8-.5-56.7-34.5-56.7-34.6 0-39.9 27-39.9 54.9V416h-66.4V202.2h63.7v29.2h.9c8.9-16.8 30.6-34.5 62.9-34.5 67.2 0 79.7 44.3 79.7 101.9V416z\"><\/path><\/svg>\t\t\t<\/a><br \/>\n\t\t\t<a href=\"#\" target=\"_blank\"><br \/>\n\t\t\t<svg aria-hidden=\"true\" viewBox=\"0 0 512 512\" xmlns=\"http:\/\/www.w3.org\/2000\/svg\"><path d=\"M504 256C504 119 393 8 256 8S8 119 8 256c0 123.78 90.69 226.38 209.25 245V327.69h-63V256h63v-54.64c0-62.15 37-96.48 93.67-96.48 27.14 0 55.52 4.84 55.52 4.84v61h-31.28c-30.8 0-40.41 19.12-40.41 38.73V256h68.78l-11 71.69h-57.78V501C413.31 482.38 504 379.78 504 256z\"><\/path><\/svg>\t\t\t<\/a><\/p>\n","protected":false},"excerpt":{"rendered":"<p>Ils sont arriv\u00e9s sans un mot, fatigu\u00e9s de se disputer, fatigu\u00e9s de ne plus se comprendre.<br \/>\nDerri\u00e8re leurs cris, il y a surtout leurs peurs :<br \/>\nla peur de ne plus compter,<\/p>\n","protected":false},"author":1,"featured_media":0,"comment_status":"open","ping_status":"open","sticky":false,"template":"","format":"standard","meta":{"footnotes":""},"categories":[1],"tags":[],"class_list":["post-270","post","type-post","status-publish","format-standard","hentry","category-non-classe"],"blocksy_meta":[],"yoast_head":"<!-- This site is optimized with the Yoast SEO plugin v24.0 - https:\/\/yoast.com\/wordpress\/plugins\/seo\/ -->\n<title>Quand on s&#039;aime...mais qu&#039;on n&#039;y arrive plus. - Eveil Th\u00e9rapie<\/title>\n<meta name=\"description\" content=\"Ils sont arriv\u00e9s sans un mot, fatigu\u00e9s de se disputer, fatigu\u00e9s de ne plus se comprendre.Derri\u00e8re leurs cris, il y a surtout leurs peurs :la peur de ne plus compter,la peur de ne plus \u00eatre aim\u00e9,la peur d\u2019\u00eatre abandonn\u00e9.Alors je leur ai propos\u00e9 un espace sans jugement, un espace pour d\u00e9poser ce qu\u2019ils n\u2019arrivaient plus \u00e0 dire.Dans leurs cr\u00e9ations, j\u2019ai vu deux c\u0153urs qui cherchaient juste \u00e0 \u00eatre entendus.Et petit \u00e0 petit, ils ont compris qu\u2019ils ne se combattaient pas\u2026ils se prot\u00e9geaient.C\u2019est l\u00e0 que le travail a commenc\u00e9 :apaiser, d\u00e9samorcer, r\u00e9apprendre \u00e0 se parler\u2026et retrouver le chemin l\u2019un vers l\u2019autre.\" \/>\n<meta name=\"robots\" content=\"index, follow, max-snippet:-1, max-image-preview:large, max-video-preview:-1\" \/>\n<link rel=\"canonical\" href=\"https:\/\/eveiltherapie.com\/index.php\/2025\/11\/30\/couple-qui-ne-se-comprend-plus\/\" \/>\n<meta property=\"og:locale\" content=\"fr_FR\" \/>\n<meta property=\"og:type\" content=\"article\" \/>\n<meta property=\"og:title\" content=\"Quand on s&#039;aime...mais qu&#039;on n&#039;y arrive plus. - Eveil Th\u00e9rapie\" \/>\n<meta property=\"og:description\" content=\"Ils sont arriv\u00e9s sans un mot, fatigu\u00e9s de se disputer, fatigu\u00e9s de ne plus se comprendre.Derri\u00e8re leurs cris, il y a surtout leurs peurs :la peur de ne plus compter,la peur de ne plus \u00eatre aim\u00e9,la peur d\u2019\u00eatre abandonn\u00e9.Alors je leur ai propos\u00e9 un espace sans jugement, un espace pour d\u00e9poser ce qu\u2019ils n\u2019arrivaient plus \u00e0 dire.Dans leurs cr\u00e9ations, j\u2019ai vu deux c\u0153urs qui cherchaient juste \u00e0 \u00eatre entendus.Et petit \u00e0 petit, ils ont compris qu\u2019ils ne se combattaient pas\u2026ils se prot\u00e9geaient.C\u2019est l\u00e0 que le travail a commenc\u00e9 :apaiser, d\u00e9samorcer, r\u00e9apprendre \u00e0 se parler\u2026et retrouver le chemin l\u2019un vers l\u2019autre.\" \/>\n<meta property=\"og:url\" content=\"https:\/\/eveiltherapie.com\/index.php\/2025\/11\/30\/couple-qui-ne-se-comprend-plus\/\" \/>\n<meta property=\"og:site_name\" content=\"Eveil Th\u00e9rapie\" \/>\n<meta property=\"article:published_time\" content=\"2025-11-30T09:16:54+00:00\" \/>\n<meta property=\"article:modified_time\" content=\"2025-11-30T09:21:52+00:00\" \/>\n<meta property=\"og:image\" content=\"https:\/\/eveiltherapie.com\/wp-content\/uploads\/2024\/11\/transformation-emotionnelle-header-actualite.png\" \/>\n<meta name=\"author\" content=\"Brice_@dmin_EvTera_11-24\" \/>\n<meta name=\"twitter:card\" content=\"summary_large_image\" \/>\n<meta name=\"twitter:label1\" content=\"\u00c9crit par\" \/>\n\t<meta name=\"twitter:data1\" content=\"Brice_@dmin_EvTera_11-24\" \/>\n\t<meta name=\"twitter:label2\" content=\"Dur\u00e9e de lecture estim\u00e9e\" \/>\n\t<meta name=\"twitter:data2\" content=\"2 minutes\" \/>\n<script type=\"application\/ld+json\" class=\"yoast-schema-graph\">{\"@context\":\"https:\/\/schema.org\",\"@graph\":[{\"@type\":\"Article\",\"@id\":\"https:\/\/eveiltherapie.com\/index.php\/2025\/11\/30\/couple-qui-ne-se-comprend-plus\/#article\",\"isPartOf\":{\"@id\":\"https:\/\/eveiltherapie.com\/index.php\/2025\/11\/30\/couple-qui-ne-se-comprend-plus\/\"},\"author\":{\"name\":\"Brice_@dmin_EvTera_11-24\",\"@id\":\"https:\/\/eveiltherapie.com\/#\/schema\/person\/f0223836fc21234c201bfc62ca393638\"},\"headline\":\"Quand on s&rsquo;aime&#8230;mais qu&rsquo;on n&rsquo;y arrive plus.\",\"datePublished\":\"2025-11-30T09:16:54+00:00\",\"dateModified\":\"2025-11-30T09:21:52+00:00\",\"mainEntityOfPage\":{\"@id\":\"https:\/\/eveiltherapie.com\/index.php\/2025\/11\/30\/couple-qui-ne-se-comprend-plus\/\"},\"wordCount\":183,\"commentCount\":0,\"publisher\":{\"@id\":\"https:\/\/eveiltherapie.com\/#organization\"},\"image\":{\"@id\":\"https:\/\/eveiltherapie.com\/index.php\/2025\/11\/30\/couple-qui-ne-se-comprend-plus\/#primaryimage\"},\"thumbnailUrl\":\"https:\/\/eveiltherapie.com\/wp-content\/uploads\/2024\/11\/transformation-emotionnelle-header-actualite.png\",\"inLanguage\":\"fr-FR\",\"potentialAction\":[{\"@type\":\"CommentAction\",\"name\":\"Comment\",\"target\":[\"https:\/\/eveiltherapie.com\/index.php\/2025\/11\/30\/couple-qui-ne-se-comprend-plus\/#respond\"]}]},{\"@type\":\"WebPage\",\"@id\":\"https:\/\/eveiltherapie.com\/index.php\/2025\/11\/30\/couple-qui-ne-se-comprend-plus\/\",\"url\":\"https:\/\/eveiltherapie.com\/index.php\/2025\/11\/30\/couple-qui-ne-se-comprend-plus\/\",\"name\":\"Quand on s'aime...mais qu'on n'y arrive plus. - Eveil Th\u00e9rapie\",\"isPartOf\":{\"@id\":\"https:\/\/eveiltherapie.com\/#website\"},\"primaryImageOfPage\":{\"@id\":\"https:\/\/eveiltherapie.com\/index.php\/2025\/11\/30\/couple-qui-ne-se-comprend-plus\/#primaryimage\"},\"image\":{\"@id\":\"https:\/\/eveiltherapie.com\/index.php\/2025\/11\/30\/couple-qui-ne-se-comprend-plus\/#primaryimage\"},\"thumbnailUrl\":\"https:\/\/eveiltherapie.com\/wp-content\/uploads\/2024\/11\/transformation-emotionnelle-header-actualite.png\",\"datePublished\":\"2025-11-30T09:16:54+00:00\",\"dateModified\":\"2025-11-30T09:21:52+00:00\",\"description\":\"Ils sont arriv\u00e9s sans un mot, fatigu\u00e9s de se disputer, fatigu\u00e9s de ne plus se comprendre.Derri\u00e8re leurs cris, il y a surtout leurs peurs :la peur de ne plus compter,la peur de ne plus \u00eatre aim\u00e9,la peur d\u2019\u00eatre abandonn\u00e9.Alors je leur ai propos\u00e9 un espace sans jugement, un espace pour d\u00e9poser ce qu\u2019ils n\u2019arrivaient plus \u00e0 dire.Dans leurs cr\u00e9ations, j\u2019ai vu deux c\u0153urs qui cherchaient juste \u00e0 \u00eatre entendus.Et petit \u00e0 petit, ils ont compris qu\u2019ils ne se combattaient pas\u2026ils se prot\u00e9geaient.C\u2019est l\u00e0 que le travail a commenc\u00e9 :apaiser, d\u00e9samorcer, r\u00e9apprendre \u00e0 se parler\u2026et retrouver le chemin l\u2019un vers l\u2019autre.\",\"breadcrumb\":{\"@id\":\"https:\/\/eveiltherapie.com\/index.php\/2025\/11\/30\/couple-qui-ne-se-comprend-plus\/#breadcrumb\"},\"inLanguage\":\"fr-FR\",\"potentialAction\":[{\"@type\":\"ReadAction\",\"target\":[\"https:\/\/eveiltherapie.com\/index.php\/2025\/11\/30\/couple-qui-ne-se-comprend-plus\/\"]}]},{\"@type\":\"ImageObject\",\"inLanguage\":\"fr-FR\",\"@id\":\"https:\/\/eveiltherapie.com\/index.php\/2025\/11\/30\/couple-qui-ne-se-comprend-plus\/#primaryimage\",\"url\":\"https:\/\/eveiltherapie.com\/wp-content\/uploads\/2024\/11\/transformation-emotionnelle-header-actualite.png\",\"contentUrl\":\"https:\/\/eveiltherapie.com\/wp-content\/uploads\/2024\/11\/transformation-emotionnelle-header-actualite.png\",\"width\":1601,\"height\":801},{\"@type\":\"BreadcrumbList\",\"@id\":\"https:\/\/eveiltherapie.com\/index.php\/2025\/11\/30\/couple-qui-ne-se-comprend-plus\/#breadcrumb\",\"itemListElement\":[{\"@type\":\"ListItem\",\"position\":1,\"name\":\"Accueil\",\"item\":\"https:\/\/eveiltherapie.com\/\"},{\"@type\":\"ListItem\",\"position\":2,\"name\":\"Quand on s&rsquo;aime&#8230;mais qu&rsquo;on n&rsquo;y arrive plus.\"}]},{\"@type\":\"WebSite\",\"@id\":\"https:\/\/eveiltherapie.com\/#website\",\"url\":\"https:\/\/eveiltherapie.com\/\",\"name\":\"Eveil Th\u00e9rapie\",\"description\":\"S\u00e9r\u00e9nit\u00e9 et \u00e9quilibre \u00e9motionnel\",\"publisher\":{\"@id\":\"https:\/\/eveiltherapie.com\/#organization\"},\"potentialAction\":[{\"@type\":\"SearchAction\",\"target\":{\"@type\":\"EntryPoint\",\"urlTemplate\":\"https:\/\/eveiltherapie.com\/?s={search_term_string}\"},\"query-input\":{\"@type\":\"PropertyValueSpecification\",\"valueRequired\":true,\"valueName\":\"search_term_string\"}}],\"inLanguage\":\"fr-FR\"},{\"@type\":\"Organization\",\"@id\":\"https:\/\/eveiltherapie.com\/#organization\",\"name\":\"Eveil Th\u00e9rapie\",\"url\":\"https:\/\/eveiltherapie.com\/\",\"logo\":{\"@type\":\"ImageObject\",\"inLanguage\":\"fr-FR\",\"@id\":\"https:\/\/eveiltherapie.com\/#\/schema\/logo\/image\/\",\"url\":\"\",\"contentUrl\":\"\",\"caption\":\"Eveil Th\u00e9rapie\"},\"image\":{\"@id\":\"https:\/\/eveiltherapie.com\/#\/schema\/logo\/image\/\"}},{\"@type\":\"Person\",\"@id\":\"https:\/\/eveiltherapie.com\/#\/schema\/person\/f0223836fc21234c201bfc62ca393638\",\"name\":\"Brice_@dmin_EvTera_11-24\",\"image\":{\"@type\":\"ImageObject\",\"inLanguage\":\"fr-FR\",\"@id\":\"https:\/\/eveiltherapie.com\/#\/schema\/person\/image\/\",\"url\":\"https:\/\/secure.gravatar.com\/avatar\/c51409a5017860a999e4eb7b5ded40cf40f316cb744fb1d3ed8d6ee3ed13928a?s=96&d=mm&r=g\",\"contentUrl\":\"https:\/\/secure.gravatar.com\/avatar\/c51409a5017860a999e4eb7b5ded40cf40f316cb744fb1d3ed8d6ee3ed13928a?s=96&d=mm&r=g\",\"caption\":\"Brice_@dmin_EvTera_11-24\"},\"sameAs\":[\"https:\/\/eveiltherapie.com\"],\"url\":\"https:\/\/eveiltherapie.com\"}]}<\/script>\n<!-- \/ Yoast SEO plugin. -->","yoast_head_json":{"title":"Quand on s'aime...mais qu'on n'y arrive plus. - Eveil Th\u00e9rapie","description":"Ils sont arriv\u00e9s sans un mot, fatigu\u00e9s de se disputer, fatigu\u00e9s de ne plus se comprendre.Derri\u00e8re leurs cris, il y a surtout leurs peurs :la peur de ne plus compter,la peur de ne plus \u00eatre aim\u00e9,la peur d\u2019\u00eatre abandonn\u00e9.Alors je leur ai propos\u00e9 un espace sans jugement, un espace pour d\u00e9poser ce qu\u2019ils n\u2019arrivaient plus \u00e0 dire.Dans leurs cr\u00e9ations, j\u2019ai vu deux c\u0153urs qui cherchaient juste \u00e0 \u00eatre entendus.Et petit \u00e0 petit, ils ont compris qu\u2019ils ne se combattaient pas\u2026ils se prot\u00e9geaient.C\u2019est l\u00e0 que le travail a commenc\u00e9 :apaiser, d\u00e9samorcer, r\u00e9apprendre \u00e0 se parler\u2026et retrouver le chemin l\u2019un vers l\u2019autre.","robots":{"index":"index","follow":"follow","max-snippet":"max-snippet:-1","max-image-preview":"max-image-preview:large","max-video-preview":"max-video-preview:-1"},"canonical":"https:\/\/eveiltherapie.com\/index.php\/2025\/11\/30\/couple-qui-ne-se-comprend-plus\/","og_locale":"fr_FR","og_type":"article","og_title":"Quand on s'aime...mais qu'on n'y arrive plus. - Eveil Th\u00e9rapie","og_description":"Ils sont arriv\u00e9s sans un mot, fatigu\u00e9s de se disputer, fatigu\u00e9s de ne plus se comprendre.Derri\u00e8re leurs cris, il y a surtout leurs peurs :la peur de ne plus compter,la peur de ne plus \u00eatre aim\u00e9,la peur d\u2019\u00eatre abandonn\u00e9.Alors je leur ai propos\u00e9 un espace sans jugement, un espace pour d\u00e9poser ce qu\u2019ils n\u2019arrivaient plus \u00e0 dire.Dans leurs cr\u00e9ations, j\u2019ai vu deux c\u0153urs qui cherchaient juste \u00e0 \u00eatre entendus.Et petit \u00e0 petit, ils ont compris qu\u2019ils ne se combattaient pas\u2026ils se prot\u00e9geaient.C\u2019est l\u00e0 que le travail a commenc\u00e9 :apaiser, d\u00e9samorcer, r\u00e9apprendre \u00e0 se parler\u2026et retrouver le chemin l\u2019un vers l\u2019autre.","og_url":"https:\/\/eveiltherapie.com\/index.php\/2025\/11\/30\/couple-qui-ne-se-comprend-plus\/","og_site_name":"Eveil Th\u00e9rapie","article_published_time":"2025-11-30T09:16:54+00:00","article_modified_time":"2025-11-30T09:21:52+00:00","og_image":[{"url":"https:\/\/eveiltherapie.com\/wp-content\/uploads\/2024\/11\/transformation-emotionnelle-header-actualite.png","type":"","width":"","height":""}],"author":"Brice_@dmin_EvTera_11-24","twitter_card":"summary_large_image","twitter_misc":{"\u00c9crit par":"Brice_@dmin_EvTera_11-24","Dur\u00e9e de lecture estim\u00e9e":"2 minutes"},"schema":{"@context":"https:\/\/schema.org","@graph":[{"@type":"Article","@id":"https:\/\/eveiltherapie.com\/index.php\/2025\/11\/30\/couple-qui-ne-se-comprend-plus\/#article","isPartOf":{"@id":"https:\/\/eveiltherapie.com\/index.php\/2025\/11\/30\/couple-qui-ne-se-comprend-plus\/"},"author":{"name":"Brice_@dmin_EvTera_11-24","@id":"https:\/\/eveiltherapie.com\/#\/schema\/person\/f0223836fc21234c201bfc62ca393638"},"headline":"Quand on s&rsquo;aime&#8230;mais qu&rsquo;on n&rsquo;y arrive plus.","datePublished":"2025-11-30T09:16:54+00:00","dateModified":"2025-11-30T09:21:52+00:00","mainEntityOfPage":{"@id":"https:\/\/eveiltherapie.com\/index.php\/2025\/11\/30\/couple-qui-ne-se-comprend-plus\/"},"wordCount":183,"commentCount":0,"publisher":{"@id":"https:\/\/eveiltherapie.com\/#organization"},"image":{"@id":"https:\/\/eveiltherapie.com\/index.php\/2025\/11\/30\/couple-qui-ne-se-comprend-plus\/#primaryimage"},"thumbnailUrl":"https:\/\/eveiltherapie.com\/wp-content\/uploads\/2024\/11\/transformation-emotionnelle-header-actualite.png","inLanguage":"fr-FR","potentialAction":[{"@type":"CommentAction","name":"Comment","target":["https:\/\/eveiltherapie.com\/index.php\/2025\/11\/30\/couple-qui-ne-se-comprend-plus\/#respond"]}]},{"@type":"WebPage","@id":"https:\/\/eveiltherapie.com\/index.php\/2025\/11\/30\/couple-qui-ne-se-comprend-plus\/","url":"https:\/\/eveiltherapie.com\/index.php\/2025\/11\/30\/couple-qui-ne-se-comprend-plus\/","name":"Quand on s'aime...mais qu'on n'y arrive plus. - Eveil Th\u00e9rapie","isPartOf":{"@id":"https:\/\/eveiltherapie.com\/#website"},"primaryImageOfPage":{"@id":"https:\/\/eveiltherapie.com\/index.php\/2025\/11\/30\/couple-qui-ne-se-comprend-plus\/#primaryimage"},"image":{"@id":"https:\/\/eveiltherapie.com\/index.php\/2025\/11\/30\/couple-qui-ne-se-comprend-plus\/#primaryimage"},"thumbnailUrl":"https:\/\/eveiltherapie.com\/wp-content\/uploads\/2024\/11\/transformation-emotionnelle-header-actualite.png","datePublished":"2025-11-30T09:16:54+00:00","dateModified":"2025-11-30T09:21:52+00:00","description":"Ils sont arriv\u00e9s sans un mot, fatigu\u00e9s de se disputer, fatigu\u00e9s de ne plus se comprendre.Derri\u00e8re leurs cris, il y a surtout leurs peurs :la peur de ne plus compter,la peur de ne plus \u00eatre aim\u00e9,la peur d\u2019\u00eatre abandonn\u00e9.Alors je leur ai propos\u00e9 un espace sans jugement, un espace pour d\u00e9poser ce qu\u2019ils n\u2019arrivaient plus \u00e0 dire.Dans leurs cr\u00e9ations, j\u2019ai vu deux c\u0153urs qui cherchaient juste \u00e0 \u00eatre entendus.Et petit \u00e0 petit, ils ont compris qu\u2019ils ne se combattaient pas\u2026ils se prot\u00e9geaient.C\u2019est l\u00e0 que le travail a commenc\u00e9 :apaiser, d\u00e9samorcer, r\u00e9apprendre \u00e0 se parler\u2026et retrouver le chemin l\u2019un vers l\u2019autre.","breadcrumb":{"@id":"https:\/\/eveiltherapie.com\/index.php\/2025\/11\/30\/couple-qui-ne-se-comprend-plus\/#breadcrumb"},"inLanguage":"fr-FR","potentialAction":[{"@type":"ReadAction","target":["https:\/\/eveiltherapie.com\/index.php\/2025\/11\/30\/couple-qui-ne-se-comprend-plus\/"]}]},{"@type":"ImageObject","inLanguage":"fr-FR","@id":"https:\/\/eveiltherapie.com\/index.php\/2025\/11\/30\/couple-qui-ne-se-comprend-plus\/#primaryimage","url":"https:\/\/eveiltherapie.com\/wp-content\/uploads\/2024\/11\/transformation-emotionnelle-header-actualite.png","contentUrl":"https:\/\/eveiltherapie.com\/wp-content\/uploads\/2024\/11\/transformation-emotionnelle-header-actualite.png","width":1601,"height":801},{"@type":"BreadcrumbList","@id":"https:\/\/eveiltherapie.com\/index.php\/2025\/11\/30\/couple-qui-ne-se-comprend-plus\/#breadcrumb","itemListElement":[{"@type":"ListItem","position":1,"name":"Accueil","item":"https:\/\/eveiltherapie.com\/"},{"@type":"ListItem","position":2,"name":"Quand on s&rsquo;aime&#8230;mais qu&rsquo;on n&rsquo;y arrive plus."}]},{"@type":"WebSite","@id":"https:\/\/eveiltherapie.com\/#website","url":"https:\/\/eveiltherapie.com\/","name":"Eveil Th\u00e9rapie","description":"S\u00e9r\u00e9nit\u00e9 et \u00e9quilibre \u00e9motionnel","publisher":{"@id":"https:\/\/eveiltherapie.com\/#organization"},"potentialAction":[{"@type":"SearchAction","target":{"@type":"EntryPoint","urlTemplate":"https:\/\/eveiltherapie.com\/?s={search_term_string}"},"query-input":{"@type":"PropertyValueSpecification","valueRequired":true,"valueName":"search_term_string"}}],"inLanguage":"fr-FR"},{"@type":"Organization","@id":"https:\/\/eveiltherapie.com\/#organization","name":"Eveil Th\u00e9rapie","url":"https:\/\/eveiltherapie.com\/","logo":{"@type":"ImageObject","inLanguage":"fr-FR","@id":"https:\/\/eveiltherapie.com\/#\/schema\/logo\/image\/","url":"","contentUrl":"","caption":"Eveil Th\u00e9rapie"},"image":{"@id":"https:\/\/eveiltherapie.com\/#\/schema\/logo\/image\/"}},{"@type":"Person","@id":"https:\/\/eveiltherapie.com\/#\/schema\/person\/f0223836fc21234c201bfc62ca393638","name":"Brice_@dmin_EvTera_11-24","image":{"@type":"ImageObject","inLanguage":"fr-FR","@id":"https:\/\/eveiltherapie.com\/#\/schema\/person\/image\/","url":"https:\/\/secure.gravatar.com\/avatar\/c51409a5017860a999e4eb7b5ded40cf40f316cb744fb1d3ed8d6ee3ed13928a?s=96&d=mm&r=g","contentUrl":"https:\/\/secure.gravatar.com\/avatar\/c51409a5017860a999e4eb7b5ded40cf40f316cb744fb1d3ed8d6ee3ed13928a?s=96&d=mm&r=g","caption":"Brice_@dmin_EvTera_11-24"},"sameAs":["https:\/\/eveiltherapie.com"],"url":"https:\/\/eveiltherapie.com"}]}},"_links":{"self":[{"href":"https:\/\/eveiltherapie.com\/index.php\/wp-json\/wp\/v2\/posts\/270","targetHints":{"allow":["GET"]}}],"collection":[{"href":"https:\/\/eveiltherapie.com\/index.php\/wp-json\/wp\/v2\/posts"}],"about":[{"href":"https:\/\/eveiltherapie.com\/index.php\/wp-json\/wp\/v2\/types\/post"}],"author":[{"embeddable":true,"href":"https:\/\/eveiltherapie.com\/index.php\/wp-json\/wp\/v2\/users\/1"}],"replies":[{"embeddable":true,"href":"https:\/\/eveiltherapie.com\/index.php\/wp-json\/wp\/v2\/comments?post=270"}],"version-history":[{"count":169,"href":"https:\/\/eveiltherapie.com\/index.php\/wp-json\/wp\/v2\/posts\/270\/revisions"}],"predecessor-version":[{"id":3835,"href":"https:\/\/eveiltherapie.com\/index.php\/wp-json\/wp\/v2\/posts\/270\/revisions\/3835"}],"wp:attachment":[{"href":"https:\/\/eveiltherapie.com\/index.php\/wp-json\/wp\/v2\/media?parent=270"}],"wp:term":[{"taxonomy":"category","embeddable":true,"href":"https:\/\/eveiltherapie.com\/index.php\/wp-json\/wp\/v2\/categories?post=270"},{"taxonomy":"post_tag","embeddable":true,"href":"https:\/\/eveiltherapie.com\/index.php\/wp-json\/wp\/v2\/tags?post=270"}],"curies":[{"name":"wp","href":"https:\/\/api.w.org\/{rel}","templated":true}]}}